{"id":4503,"date":"2024-01-31T15:14:02","date_gmt":"2024-01-31T14:14:02","guid":{"rendered":"https:\/\/crops4hd.org\/?p=4503"},"modified":"2024-01-31T16:51:32","modified_gmt":"2024-01-31T15:51:32","slug":"tchad-deuxieme-edition-de-la-foire-aux-semences-paysannes","status":"publish","type":"post","link":"https:\/\/crops4hd.org\/fr\/2024\/tchad-deuxieme-edition-de-la-foire-aux-semences-paysannes\/","title":{"rendered":"Tchad\u00a0: Deuxi\u00e8me \u00e9dition de la foire aux semences paysannes"},"content":{"rendered":"\n<p class=\"wp-block-paragraph\" style=\"font-size:18px\">Comment les semences paysannes peuvent-elles renforcer la s\u00e9curit\u00e9 alimentaire de la population tchadienne ? C&rsquo;est la question qui a anim\u00e9 les 800 participant\u00b7e\u00b7s \u00e0 la deuxi\u00e8me \u00e9dition de la foire des semences paysannes, organis\u00e9e \u00e0 Koumra du 12 au 13 d\u00e9cembre 2023 dans le cadre de CROPS4HD.<\/p>\n\n\n\n<figure class=\"wp-block-image size-full is-resized\"><img data-recalc-dims=\"1\" loading=\"lazy\" decoding=\"async\" width=\"750\" height=\"497\" data-attachment-id=\"4509\" data-permalink=\"https:\/\/crops4hd.org\/fr\/2024\/tchad-deuxieme-edition-de-la-foire-aux-semences-paysannes\/20243001_foire-aux-semences-paysannes-de-koumra-1\/\" data-orig-file=\"https:\/\/i0.wp.com\/crops4hd.org\/wp-content\/uploads\/2024\/01\/20243001_Foire-aux-semences-paysannes-de-Koumra-1.jpg?fit=751%2C498&amp;ssl=1\" data-orig-size=\"751,498\" data-comments-opened=\"0\" data-image-meta=\"{&quot;aperture&quot;:&quot;0&quot;,&quot;credit&quot;:&quot;&quot;,&quot;camera&quot;:&quot;&quot;,&quot;caption&quot;:&quot;&quot;,&quot;created_timestamp&quot;:&quot;0&quot;,&quot;copyright&quot;:&quot;&quot;,&quot;focal_length&quot;:&quot;0&quot;,&quot;iso&quot;:&quot;0&quot;,&quot;shutter_speed&quot;:&quot;0&quot;,&quot;title&quot;:&quot;&quot;,&quot;orientation&quot;:&quot;0&quot;}\" data-image-title=\"20243001_Foire-aux-semences-paysannes-de-Koumra-1\" data-image-description=\"\" data-image-caption=\"\" data-large-file=\"https:\/\/i0.wp.com\/crops4hd.org\/wp-content\/uploads\/2024\/01\/20243001_Foire-aux-semences-paysannes-de-Koumra-1.jpg?fit=750%2C497&amp;ssl=1\" src=\"https:\/\/i0.wp.com\/crops4hd.org\/wp-content\/uploads\/2024\/01\/20243001_Foire-aux-semences-paysannes-de-Koumra-1.jpg?resize=750%2C497&#038;ssl=1\" alt=\"\" class=\"wp-image-4509\" style=\"width:780px;height:auto\" srcset=\"https:\/\/i0.wp.com\/crops4hd.org\/wp-content\/uploads\/2024\/01\/20243001_Foire-aux-semences-paysannes-de-Koumra-1.jpg?w=751&amp;ssl=1 751w, https:\/\/i0.wp.com\/crops4hd.org\/wp-content\/uploads\/2024\/01\/20243001_Foire-aux-semences-paysannes-de-Koumra-1.jpg?resize=300%2C199&amp;ssl=1 300w\" sizes=\"auto, (max-width: 750px) 100vw, 750px\" \/><figcaption class=\"wp-element-caption\">Le gouverneur de la province du Mandoul d\u00e9clare l&rsquo;ouverture officielle du village de la foire, o\u00f9 s&rsquo;est tenue l&rsquo;exposition des semences<\/figcaption><\/figure>\n\n\n\n<p class=\"wp-block-paragraph\" style=\"font-size:18px\">\u00c0 l\u2019instar d&rsquo;autres pays d\u2019Afrique, le secteur agricole tchadien, qui emploie plus des deux tiers de la population, subit de plein fouet les cons\u00e9quences du changement climatique. L&rsquo;irr\u00e9gularit\u00e9 et la rar\u00e9faction des pr\u00e9cipitations, par exemple, conduisent \u00e0 une baisse des rendements agricoles. La fertilit\u00e9 des sols, appauvris par l\u2019utilisation d\u2019intrants chimiques nocifs et la faible diversification des cultures, diminue chaque ann\u00e9e. Cette situation difficile entra\u00eene de nombreux d\u00e9fis pour le pays, tels qu\u2019une grave ins\u00e9curit\u00e9 alimentaire et des conflits autour du partage des ressources naturelles.<\/p>\n\n\n\n<p class=\"wp-block-paragraph\" style=\"font-size:18px\">Dans ce contexte, la question des semences est primordiale, puisqu\u2019elles constituent l\u2019un des principaux d\u00e9terminants des rendements agricoles. Au Tchad, les pratiques commerciales et le cadre l\u00e9gal actuels favorisent le syst\u00e8me semencier formel, et donc les semences industrielles, au d\u00e9triment des semences paysannes. Ces derni\u00e8res, directement produites par les paysan\u00b7ne\u00b7s, sont pourtant moins co\u00fbteuses, plus adapt\u00e9es localement, souvent plus r\u00e9silientes face aux al\u00e9as climatiques, et n\u00e9cessitent moins d\u2019intrants externes. Elles sont d\u2019ailleurs utilis\u00e9es par 95% des petites productrices et petits producteurs du Tchad.<\/p>\n\n\n\n<blockquote class=\"wp-block-quote is-layout-flow wp-block-quote-is-layout-flow\">\n<p class=\"wp-block-paragraph\">Les semences paysannes remplissent des fonctions aussi bien alimentaires que culturelles, sociales et th\u00e9rapeutiques. Elles sont un mode de vie et une croyance qu\u2019il faut conna\u00eetre et sauvegarder pour mieux garantir la s\u00e9curit\u00e9 alimentaire.&nbsp; <\/p>\n<cite>Olivier Ngardouel Mba\u00efna\u00efkou, Repr\u00e9sentant Pays SWISSAID au Tchad<\/cite><\/blockquote>\n\n\n\n<p class=\"wp-block-paragraph\" style=\"font-size:18px\">L\u2019une des missions de CROPS4HD est de promouvoir la diversit\u00e9 des semences paysannes, en particulier des esp\u00e8ces n\u00e9gliges et sous-utilis\u00e9es (NUS), et de sensibiliser le grand public sur leur importance comme fondement de la s\u00e9curit\u00e9 alimentaire durable. C\u2019est pourquoi apr\u00e8s une premi\u00e8re \u00e9dition r\u00e9ussie \u00e0 Pala fin 2022, la foire des semences paysannes est revenue en d\u00e9cembre 2023 pour une nouvelle rencontre mettant \u00e0 l&rsquo;honneur la diversit\u00e9 et la richesse des semences paysannes tchadiennes.&nbsp;<\/p>\n\n\n\n<figure class=\"wp-block-image size-full\"><img data-recalc-dims=\"1\" loading=\"lazy\" decoding=\"async\" width=\"750\" height=\"520\" data-attachment-id=\"4516\" data-permalink=\"https:\/\/crops4hd.org\/fr\/2024\/tchad-deuxieme-edition-de-la-foire-aux-semences-paysannes\/20243001_foire-aux-semences-paysannes-de-koumra-2-1\/\" data-orig-file=\"https:\/\/i0.wp.com\/crops4hd.org\/wp-content\/uploads\/2024\/01\/20243001_Foire-aux-semences-paysannes-de-Koumra-2-1.jpeg?fit=1166%2C809&amp;ssl=1\" data-orig-size=\"1166,809\" data-comments-opened=\"0\" data-image-meta=\"{&quot;aperture&quot;:&quot;0&quot;,&quot;credit&quot;:&quot;&quot;,&quot;camera&quot;:&quot;&quot;,&quot;caption&quot;:&quot;&quot;,&quot;created_timestamp&quot;:&quot;0&quot;,&quot;copyright&quot;:&quot;&quot;,&quot;focal_length&quot;:&quot;0&quot;,&quot;iso&quot;:&quot;0&quot;,&quot;shutter_speed&quot;:&quot;0&quot;,&quot;title&quot;:&quot;&quot;,&quot;orientation&quot;:&quot;0&quot;}\" data-image-title=\"20243001_Foire-aux-semences-paysannes-de-Koumra-2-1\" data-image-description=\"\" data-image-caption=\"\" data-large-file=\"https:\/\/i0.wp.com\/crops4hd.org\/wp-content\/uploads\/2024\/01\/20243001_Foire-aux-semences-paysannes-de-Koumra-2-1.jpeg?fit=750%2C520&amp;ssl=1\" src=\"https:\/\/i0.wp.com\/crops4hd.org\/wp-content\/uploads\/2024\/01\/20243001_Foire-aux-semences-paysannes-de-Koumra-2-1.jpeg?resize=750%2C520&#038;ssl=1\" alt=\"\" class=\"wp-image-4516\" srcset=\"https:\/\/i0.wp.com\/crops4hd.org\/wp-content\/uploads\/2024\/01\/20243001_Foire-aux-semences-paysannes-de-Koumra-2-1.jpeg?w=1166&amp;ssl=1 1166w, https:\/\/i0.wp.com\/crops4hd.org\/wp-content\/uploads\/2024\/01\/20243001_Foire-aux-semences-paysannes-de-Koumra-2-1.jpeg?resize=300%2C208&amp;ssl=1 300w, https:\/\/i0.wp.com\/crops4hd.org\/wp-content\/uploads\/2024\/01\/20243001_Foire-aux-semences-paysannes-de-Koumra-2-1.jpeg?resize=768%2C533&amp;ssl=1 768w\" sizes=\"auto, (max-width: 750px) 100vw, 750px\" \/><figcaption class=\"wp-element-caption\">Entr\u00e9e du village de la foire, en pr\u00e9sence du maire de la commune de Koumra, du gouverneur de la province du Mandoul, et de membres de SWISSAID et de l&rsquo;organisation RAPS &#8211; D\u00e9veloppement, partenaire de CROPS4HD<\/figcaption><\/figure>\n\n\n\n<p class=\"wp-block-paragraph\" style=\"font-size:18px\">La th\u00e9matique choisie, \u00ab <strong>Ma semence, mon identit\u00e9, pour une s\u00e9curit\u00e9 alimentaire durable<\/strong> \u00bb, a \u00e9t\u00e9 abord\u00e9e \u00e0 travers des activit\u00e9s vari\u00e9es. Des conf\u00e9rences-d\u00e9bats et des projections ont permis aux personnes pr\u00e9sentes de s&rsquo;informer et de se questionner sur des sujets li\u00e9s \u00e0 la s\u00e9curit\u00e9 alimentaire, la pr\u00e9servation de la biodiversit\u00e9 et l\u2019utilisation des semences. Gr\u00e2ce \u00e0 des ateliers plus pratiques, les participant\u00b7e\u00b7s se sont aussi form\u00e9\u00b7e\u00b7s sur l\u2019agro\u00e9cologie, la nutrition ou la pr\u00e9paration de mets locaux \u00e0 base de NUS. Dans un espace d\u2019exposition d\u00e9di\u00e9, les organisations paysannes, les productrices et les producteurs ont pr\u00e9sent\u00e9 leurs vari\u00e9t\u00e9s de semences au public, menant \u00e0 des discussions enrichissantes sur la pratique de l\u2019agriculture paysanne. Enfin, des \u00e9changes et des ventes de semences ont \u00e9t\u00e9 organis\u00e9s.<\/p>\n\n\n\n<figure class=\"wp-block-image size-full\"><img data-recalc-dims=\"1\" loading=\"lazy\" decoding=\"async\" width=\"750\" height=\"544\" data-attachment-id=\"4524\" data-permalink=\"https:\/\/crops4hd.org\/fr\/2024\/tchad-deuxieme-edition-de-la-foire-aux-semences-paysannes\/20243001_foire-aux-semences-paysannes-de-koumra-4\/\" data-orig-file=\"https:\/\/i0.wp.com\/crops4hd.org\/wp-content\/uploads\/2024\/01\/20243001_Foire-aux-semences-paysannes-de-Koumra-4.jpg?fit=967%2C702&amp;ssl=1\" data-orig-size=\"967,702\" data-comments-opened=\"0\" data-image-meta=\"{&quot;aperture&quot;:&quot;0&quot;,&quot;credit&quot;:&quot;&quot;,&quot;camera&quot;:&quot;&quot;,&quot;caption&quot;:&quot;&quot;,&quot;created_timestamp&quot;:&quot;0&quot;,&quot;copyright&quot;:&quot;&quot;,&quot;focal_length&quot;:&quot;0&quot;,&quot;iso&quot;:&quot;0&quot;,&quot;shutter_speed&quot;:&quot;0&quot;,&quot;title&quot;:&quot;&quot;,&quot;orientation&quot;:&quot;0&quot;}\" data-image-title=\"Stand de la province du Mandoul \u00e0 la foire aux semences de Koumra\" data-image-description=\"\" data-image-caption=\"\" data-large-file=\"https:\/\/i0.wp.com\/crops4hd.org\/wp-content\/uploads\/2024\/01\/20243001_Foire-aux-semences-paysannes-de-Koumra-4.jpg?fit=750%2C544&amp;ssl=1\" src=\"https:\/\/i0.wp.com\/crops4hd.org\/wp-content\/uploads\/2024\/01\/20243001_Foire-aux-semences-paysannes-de-Koumra-4.jpg?resize=750%2C544&#038;ssl=1\" alt=\"\" class=\"wp-image-4524\" srcset=\"https:\/\/i0.wp.com\/crops4hd.org\/wp-content\/uploads\/2024\/01\/20243001_Foire-aux-semences-paysannes-de-Koumra-4.jpg?w=967&amp;ssl=1 967w, https:\/\/i0.wp.com\/crops4hd.org\/wp-content\/uploads\/2024\/01\/20243001_Foire-aux-semences-paysannes-de-Koumra-4.jpg?resize=300%2C218&amp;ssl=1 300w, https:\/\/i0.wp.com\/crops4hd.org\/wp-content\/uploads\/2024\/01\/20243001_Foire-aux-semences-paysannes-de-Koumra-4.jpg?resize=768%2C558&amp;ssl=1 768w\" sizes=\"auto, (max-width: 750px) 100vw, 750px\" \/><figcaption class=\"wp-element-caption\">Stand de la province du Mandoul pour l&rsquo;exposition sur la diversit\u00e9 des semences<\/figcaption><\/figure>\n\n\n\n<p class=\"wp-block-paragraph\" style=\"font-size:18px\">La foire a notamment rassembl\u00e9 des paysan\u00b7ne\u00b7s, des Cadres de Concertation pour la Promotion des Pratiques Agro\u00e9cologiques (CACOPA), des organisations paysannes, des transformateur\u00b7ice\u00b7s de produits agricoles, des groupements de femmes et de jeunes, des ONG, des repr\u00e9sentant\u00b7e\u00b7s des services de l\u2019Etat et des autorit\u00e9s locales, des m\u00e9dias et des institutions de recherche. \u00c0 l\u2019issue de l\u2019\u00e9v\u00e9nement, les parties prenantes pr\u00e9sentes ont exprim\u00e9 publiquement leur engagement \u00e0 soutenir le syst\u00e8me semencier paysan. Le gouverneur de la province du Mandoul s\u2019est engag\u00e9 \u00e0 \u00eatre le porte-parole de cette cause aupr\u00e8s du gouvernement tchadien.<\/p>\n\n\n\n<figure class=\"wp-block-image size-full\"><img data-recalc-dims=\"1\" loading=\"lazy\" decoding=\"async\" width=\"750\" height=\"559\" data-attachment-id=\"4527\" data-permalink=\"https:\/\/crops4hd.org\/fr\/2024\/tchad-deuxieme-edition-de-la-foire-aux-semences-paysannes\/20243001_foire-aux-semences-paysannes-de-koumra-3-2\/\" data-orig-file=\"https:\/\/i0.wp.com\/crops4hd.org\/wp-content\/uploads\/2024\/01\/20243001_Foire-aux-semences-paysannes-de-Koumra-3-2.jpg?fit=954%2C711&amp;ssl=1\" data-orig-size=\"954,711\" data-comments-opened=\"0\" data-image-meta=\"{&quot;aperture&quot;:&quot;0&quot;,&quot;credit&quot;:&quot;&quot;,&quot;camera&quot;:&quot;&quot;,&quot;caption&quot;:&quot;&quot;,&quot;created_timestamp&quot;:&quot;0&quot;,&quot;copyright&quot;:&quot;&quot;,&quot;focal_length&quot;:&quot;0&quot;,&quot;iso&quot;:&quot;0&quot;,&quot;shutter_speed&quot;:&quot;0&quot;,&quot;title&quot;:&quot;&quot;,&quot;orientation&quot;:&quot;0&quot;}\" data-image-title=\"20243001_Foire-aux-semences-paysannes-de-Koumra-3-2\" data-image-description=\"\" data-image-caption=\"\" data-large-file=\"https:\/\/i0.wp.com\/crops4hd.org\/wp-content\/uploads\/2024\/01\/20243001_Foire-aux-semences-paysannes-de-Koumra-3-2.jpg?fit=750%2C559&amp;ssl=1\" src=\"https:\/\/i0.wp.com\/crops4hd.org\/wp-content\/uploads\/2024\/01\/20243001_Foire-aux-semences-paysannes-de-Koumra-3-2.jpg?resize=750%2C559&#038;ssl=1\" alt=\"\" class=\"wp-image-4527\" srcset=\"https:\/\/i0.wp.com\/crops4hd.org\/wp-content\/uploads\/2024\/01\/20243001_Foire-aux-semences-paysannes-de-Koumra-3-2.jpg?w=954&amp;ssl=1 954w, https:\/\/i0.wp.com\/crops4hd.org\/wp-content\/uploads\/2024\/01\/20243001_Foire-aux-semences-paysannes-de-Koumra-3-2.jpg?resize=300%2C224&amp;ssl=1 300w, https:\/\/i0.wp.com\/crops4hd.org\/wp-content\/uploads\/2024\/01\/20243001_Foire-aux-semences-paysannes-de-Koumra-3-2.jpg?resize=768%2C572&amp;ssl=1 768w, https:\/\/i0.wp.com\/crops4hd.org\/wp-content\/uploads\/2024\/01\/20243001_Foire-aux-semences-paysannes-de-Koumra-3-2.jpg?resize=200%2C150&amp;ssl=1 200w\" sizes=\"auto, (max-width: 750px) 100vw, 750px\" \/><figcaption class=\"wp-element-caption\">Exposition de vari\u00e9t\u00e9s de sorgho<\/figcaption><\/figure>\n\n\n\n<p class=\"wp-block-paragraph\" style=\"font-size:18px\">Pour CROPS4HD, les \u00e9v\u00e8nements comme cette foire sont cruciaux, puisqu&rsquo;ils repr\u00e9sentent des lieux d\u2019intersection des diff\u00e9rentes facettes du projet : le soutien aux productrices et aux producteurs, la sensibilisation du grand public, et le plaidoyer politique. Le nombre de participant\u00b7e\u00b7s, la richesse des d\u00e9bats et la pr\u00e9sence d\u2019autorit\u00e9s politiques \u00e0 la deuxi\u00e8me \u00e9dition de la foire des semences paysannes au Tchad repr\u00e9sentent donc un r\u00e9el succ\u00e8s pour le projet.<\/p>\n","protected":false},"excerpt":{"rendered":"<p>La deuxi\u00e8me \u00e9dition de la foire aux semences paysannes a \u00e9t\u00e9 organis\u00e9e les 12 et 13 d\u00e9cembre 2023 \u00e0 Koumra (Tchad).<\/p>\n","protected":false},"author":208713460,"featured_media":4524,"comment_status":"closed","ping_status":"closed","sticky":false,"template":"","format":"standard","meta":{"_coblocks_attr":"","_coblocks_dimensions":"","_coblocks_responsive_height":"","_coblocks_accordion_ie_support":"","_crdt_document":"","advanced_seo_description":"","jetpack_seo_html_title":"","jetpack_seo_noindex":false,"cybocfi_hide_featured_image":"yes","_jetpack_memberships_contains_paid_content":false,"footnotes":"","jetpack_publicize_message":"","jetpack_publicize_feature_enabled":true,"jetpack_social_post_already_shared":false,"jetpack_social_options":{"image_generator_settings":{"template":"highway","default_image_id":0,"font":"","enabled":false},"version":2},"_wpas_customize_per_network":false},"categories":[595322,595319,595324,595323,595325],"tags":[],"class_list":["post-4503","post","type-post","status-publish","format-standard","has-post-thumbnail","hentry","category-approvisionnement","category-chad-fr","category-demande","category-general-fr","category-politique","entry"],"jetpack_publicize_connections":[],"jetpack_featured_media_url":"https:\/\/i0.wp.com\/crops4hd.org\/wp-content\/uploads\/2024\/01\/20243001_Foire-aux-semences-paysannes-de-Koumra-4.jpg?fit=967%2C702&ssl=1","jetpack_likes_enabled":true,"jetpack_sharing_enabled":true,"jetpack_shortlink":"https:\/\/wp.me\/pddCZR-1aD","amp_enabled":true,"_links":{"self":[{"href":"https:\/\/crops4hd.org\/fr\/wp-json\/wp\/v2\/posts\/4503","targetHints":{"allow":["GET"]}}],"collection":[{"href":"https:\/\/crops4hd.org\/fr\/wp-json\/wp\/v2\/posts"}],"about":[{"href":"https:\/\/crops4hd.org\/fr\/wp-json\/wp\/v2\/types\/post"}],"author":[{"embeddable":true,"href":"https:\/\/crops4hd.org\/fr\/wp-json\/wp\/v2\/users\/208713460"}],"replies":[{"embeddable":true,"href":"https:\/\/crops4hd.org\/fr\/wp-json\/wp\/v2\/comments?post=4503"}],"version-history":[{"count":14,"href":"https:\/\/crops4hd.org\/fr\/wp-json\/wp\/v2\/posts\/4503\/revisions"}],"predecessor-version":[{"id":4568,"href":"https:\/\/crops4hd.org\/fr\/wp-json\/wp\/v2\/posts\/4503\/revisions\/4568"}],"wp:featuredmedia":[{"embeddable":true,"href":"https:\/\/crops4hd.org\/fr\/wp-json\/wp\/v2\/media\/4524"}],"wp:attachment":[{"href":"https:\/\/crops4hd.org\/fr\/wp-json\/wp\/v2\/media?parent=4503"}],"wp:term":[{"taxonomy":"category","embeddable":true,"href":"https:\/\/crops4hd.org\/fr\/wp-json\/wp\/v2\/categories?post=4503"},{"taxonomy":"post_tag","embeddable":true,"href":"https:\/\/crops4hd.org\/fr\/wp-json\/wp\/v2\/tags?post=4503"}],"curies":[{"name":"wp","href":"https:\/\/api.w.org\/{rel}","templated":true}]}}